{"id":600,"date":"2023-01-24T10:19:42","date_gmt":"2023-01-24T09:19:42","guid":{"rendered":"https:\/\/etiquetasprix.com\/blog\/?p=600"},"modified":"2023-03-13T18:49:50","modified_gmt":"2023-03-13T17:49:50","slug":"tendencia-de-2023-en-el-diseno-de-pegatinas-personalizadas","status":"publish","type":"post","link":"https:\/\/etiquetasprix.com\/blog\/inspiracion\/tendencia-de-2023-en-el-diseno-de-pegatinas-personalizadas\/","title":{"rendered":"5 tendencias de 2023 en el dise\u00f1o de etiquetas"},"content":{"rendered":"<p>El objetivo de Etiquetas Prix es que consigas tus <strong>mejores pegatinas personalizadas para tus productos u objetos de manera f\u00e1cil y sencilla<\/strong>. Por ello nuestra plataforma te lo pone f\u00e1cil: subes tu dise\u00f1o o eliges entre nuestras plantillas, pones la cantidad de etiquetas adhesivas que quieres y \u00a1listo! En 72 horas tienes en casa un etiquetado adhesivo de gran calidad.<\/p>\n<p>Sin embargo, para conseguir que tus pegatinas personalizadas sean las mejores, han de tener un dise\u00f1o adecuado. Ya te hemos hablado de <strong>la importancia de este dise\u00f1o.<\/strong> La etiqueta de tu producto es una ventana de comunicaci\u00f3n con tus potenciales clientes. A veces es la \u00fanica forma de transmitirles un mensaje o de dar a conocer tu marca. Por ello, el dise\u00f1o tiene que ser pensado a conciencia y estar acorde con lo que quieres transmitir.<\/p>\n<p>En este sentido, <strong>buscar la inspiraci\u00f3n para tus dise\u00f1os en las tendencias creativas m\u00e1s actuales es una buena alternativa.<\/strong><\/p>\n<p><a href=\"https:\/\/etiquetasprix.com\/blog\/inspiracion\/tendencias-de-2022-en-el-diseno-de-etiquetas\/\">En 2022 ya hicimos un repaso a lo que se llevar\u00eda durante los pasados 12 meses.<\/a> Ahora te vamos a descubrir lo que se lleva este 2023 en el dise\u00f1o.<\/p>\n<h2>Dise\u00f1o de etiquetas adhesivas en 2023<\/h2>\n<h3>La importancia de la tipograf\u00eda en tus pegatinas personalizadas<\/h3>\n<p>Aunque es cierto que en los \u00faltimos a\u00f1os la tipograf\u00eda ha ganado mucho protagonismo en los dise\u00f1os, este 2023 se espera que sea a\u00fan <strong>m\u00e1s relevante<\/strong>.<\/p>\n<p>Las tipograf\u00edas ganan volumen, se vuelven m\u00e1s din\u00e1micas, m\u00e1s divertidas y m\u00e1s grandes, siendo, en muchas ocasiones, <strong>el \u00fanico elemento de un dise\u00f1o<\/strong>.<\/p>\n<p>Piensa, por ejemplo, en tipograf\u00edas como la de la serie de Netflix <strong>Stranger Thing<\/strong>, que ya se han convertido en ic\u00f3nicas. Desde Etiquetas Prix te hemos hablado algunas veces de <a href=\"https:\/\/etiquetasprix.com\/blog\/inspiracion\/pegatinas-personalizadas-que-tipografia-elijo\/\">c\u00f3mo elegir la tipograf\u00eda m\u00e1s adecuada para tu etiquetado<\/a>. As\u00ed que con estas dos claves en la cabeza, ya puedes ir pensando en c\u00f3mo la tipograf\u00eda va a dominar tu dise\u00f1o.<\/p>\n<h3>El minimalismo<\/h3>\n<p>Esta tendencia contin\u00faa siendo una <strong>constante<\/strong> desde hace varios a\u00f1os. Las <strong>l\u00edneas limpias y claras<\/strong> que te dec\u00edamos eran protagonistas en los dise\u00f1os del a\u00f1o pasado se mantienen tambi\u00e9n para estos 12 meses. Eso s\u00ed, quiz\u00e1s se da un paso m\u00e1s all\u00e1 y en 2023 el minimalismo que vamos a ver viene con <strong>mucho color<\/strong>.<\/p>\n<h3>Im\u00e1genes en 3D y de Inteligencia Artificial<\/h3>\n<p>Sin lugar a dudas, son dos de las <strong>revoluciones creativas de este 2023<\/strong>: los dise\u00f1os con im\u00e1genes en 3D y aquellos que son fruto de Inteligencia Artificial.<\/p>\n<p>En este sentido hay que destacar que son muchas las aplicaciones que nos permiten <strong>crear este tipo de im\u00e1genes alucinantes tan s\u00f3lo partiendo de una descripci\u00f3n textual<\/strong>. \u00bfTe animas a probar?<\/p>\n<h3>Dise\u00f1o mixto<\/h3>\n<p>En 2023 tambi\u00e9n van a proliferar los dise\u00f1os en los que <strong>se mezclan im\u00e1genes reales con ilustraciones<\/strong>. La imaginaci\u00f3n en esta tendencia va a ser protagonista, dando lugar a creaciones mixtas muy originales.<\/p>\n<h3>Retro Line art para tus etiquetas autoadhesivas<\/h3>\n<p>Si el pasado a\u00f1o los dise\u00f1os vintage estaban a la orden del d\u00eda, en esta ocasi\u00f3n tambi\u00e9n la creatividad se inspira en el pasado pero de una manera m\u00e1s simple. Se trata del estilo \u00abretro Line art\u00bb. Se trata de <strong>creaciones con un aire nost\u00e1lgico pero simples<\/strong>, con l\u00edneas, curvas y un color sobre fondo liso.<\/p>\n<p>Y, como extra, te recomendamos que no te olvides de incluir en algunos de los dise\u00f1os de tus pegatinas personalizadas \u00a1<strong>el color del a\u00f1o seg\u00fan Pantone<\/strong>! En esta ocasi\u00f3n, se trata del <a href=\"https:\/\/www.pantone.com\/eu\/es\/color-of-the-year\/2023\">Viva Magenta<\/a>: un color inspirado en la naturaleza que viene a te\u00f1ir con fuerza y exuberancia nuestras creaciones.<\/p>\n<p>\u00bfQu\u00e9 te han parecido estas tendencias de dise\u00f1o? \u00bfCrees que las aplicar\u00e1s a tus pegatinas personalizadas? Pr\u00faebalo ya en <a href=\"http:\/\/www.etiquetasprix.com\">nuestra web para dise\u00f1ar e imprimir etiquetas<\/a>.<\/p>\n","protected":false},"excerpt":{"rendered":"<p>El objetivo de Etiquetas Prix es que consigas tus mejores pegatinas personalizadas para tus productos u objetos de manera f\u00e1cil y sencilla. Por ello nuestra plataforma te lo pone f\u00e1cil: subes tu dise\u00f1o o eliges entre nuestras plantillas, pones la cantidad de etiquetas adhesivas que quieres y \u00a1listo! En 72 horas tienes en casa un [&hellip;]<\/p>\n","protected":false},"author":1,"featured_media":601,"comment_status":"closed","ping_status":"closed","sticky":false,"template":"","format":"standard","meta":{"inline_featured_image":false},"categories":[30],"tags":[33,5,15,21],"yoast_head":"<!-- This site is optimized with the Yoast SEO plugin v20.12 - https:\/\/yoast.com\/wordpress\/plugins\/seo\/ -->\n<title>Pegatinas personalizadas: Tendencia de dise\u00f1o| Etiquetas Prix<\/title>\n<meta name=\"description\" content=\"Para que tus pegatinas personalizadas sean las mejores, te mostramos cu\u00e1les son las tendencias de dise\u00f1o para este 2023.\" \/>\n<meta name=\"robots\" content=\"index, follow, max-snippet:-1, max-image-preview:large, max-video-preview:-1\" \/>\n<link rel=\"canonical\" href=\"https:\/\/etiquetasprix.com\/blog\/inspiracion\/tendencia-de-2023-en-el-diseno-de-pegatinas-personalizadas\/\" \/>\n<meta property=\"og:locale\" content=\"es_ES\" \/>\n<meta property=\"og:type\" content=\"article\" \/>\n<meta property=\"og:title\" content=\"Pegatinas personalizadas: Tendencia de dise\u00f1o| Etiquetas Prix\" \/>\n<meta property=\"og:description\" content=\"Para que tus pegatinas personalizadas sean las mejores, te mostramos cu\u00e1les son las tendencias de dise\u00f1o para este 2023.\" \/>\n<meta property=\"og:url\" content=\"https:\/\/etiquetasprix.com\/blog\/inspiracion\/tendencia-de-2023-en-el-diseno-de-pegatinas-personalizadas\/\" \/>\n<meta property=\"og:site_name\" content=\"Etiquetas Prix\" \/>\n<meta property=\"article:published_time\" content=\"2023-01-24T09:19:42+00:00\" \/>\n<meta property=\"article:modified_time\" content=\"2023-03-13T17:49:50+00:00\" \/>\n<meta property=\"og:image\" content=\"https:\/\/etiquetasprix.com\/blog\/wp-content\/uploads\/2023\/01\/19-enero-eprix-diseno.jpg\" \/>\n\t<meta property=\"og:image:width\" content=\"1160\" \/>\n\t<meta property=\"og:image:height\" content=\"690\" \/>\n\t<meta property=\"og:image:type\" content=\"image\/jpeg\" \/>\n<meta name=\"author\" content=\"Etiquetas Prix\" \/>\n<meta name=\"twitter:card\" content=\"summary_large_image\" \/>\n<meta name=\"twitter:label1\" content=\"Escrito por\" \/>\n\t<meta name=\"twitter:data1\" content=\"Etiquetas Prix\" \/>\n\t<meta name=\"twitter:label2\" content=\"Tiempo de lectura\" \/>\n\t<meta name=\"twitter:data2\" content=\"3 minutos\" \/>\n<!-- \/ Yoast SEO plugin. -->","yoast_head_json":{"title":"Pegatinas personalizadas: Tendencia de dise\u00f1o| Etiquetas Prix","description":"Para que tus pegatinas personalizadas sean las mejores, te mostramos cu\u00e1les son las tendencias de dise\u00f1o para este 2023.","robots":{"index":"index","follow":"follow","max-snippet":"max-snippet:-1","max-image-preview":"max-image-preview:large","max-video-preview":"max-video-preview:-1"},"canonical":"https:\/\/etiquetasprix.com\/blog\/inspiracion\/tendencia-de-2023-en-el-diseno-de-pegatinas-personalizadas\/","og_locale":"es_ES","og_type":"article","og_title":"Pegatinas personalizadas: Tendencia de dise\u00f1o| Etiquetas Prix","og_description":"Para que tus pegatinas personalizadas sean las mejores, te mostramos cu\u00e1les son las tendencias de dise\u00f1o para este 2023.","og_url":"https:\/\/etiquetasprix.com\/blog\/inspiracion\/tendencia-de-2023-en-el-diseno-de-pegatinas-personalizadas\/","og_site_name":"Etiquetas Prix","article_published_time":"2023-01-24T09:19:42+00:00","article_modified_time":"2023-03-13T17:49:50+00:00","og_image":[{"width":1160,"height":690,"url":"https:\/\/etiquetasprix.com\/blog\/wp-content\/uploads\/2023\/01\/19-enero-eprix-diseno.jpg","type":"image\/jpeg"}],"author":"Etiquetas Prix","twitter_card":"summary_large_image","twitter_misc":{"Escrito por":"Etiquetas Prix","Tiempo de lectura":"3 minutos"},"schema":{"@context":"https:\/\/schema.org","@graph":[{"@type":"WebPage","@id":"https:\/\/etiquetasprix.com\/blog\/inspiracion\/tendencia-de-2023-en-el-diseno-de-pegatinas-personalizadas\/","url":"https:\/\/etiquetasprix.com\/blog\/inspiracion\/tendencia-de-2023-en-el-diseno-de-pegatinas-personalizadas\/","name":"Pegatinas personalizadas: Tendencia de dise\u00f1o| Etiquetas Prix","isPartOf":{"@id":"https:\/\/etiquetasprix.com\/blog\/#website"},"datePublished":"2023-01-24T09:19:42+00:00","dateModified":"2023-03-13T17:49:50+00:00","author":{"@id":"https:\/\/etiquetasprix.com\/blog\/#\/schema\/person\/72cff63e5985680e8dc9ffd3875fa4cb"},"description":"Para que tus pegatinas personalizadas sean las mejores, te mostramos cu\u00e1les son las tendencias de dise\u00f1o para este 2023.","breadcrumb":{"@id":"https:\/\/etiquetasprix.com\/blog\/inspiracion\/tendencia-de-2023-en-el-diseno-de-pegatinas-personalizadas\/#breadcrumb"},"inLanguage":"es","potentialAction":[{"@type":"ReadAction","target":["https:\/\/etiquetasprix.com\/blog\/inspiracion\/tendencia-de-2023-en-el-diseno-de-pegatinas-personalizadas\/"]}]},{"@type":"BreadcrumbList","@id":"https:\/\/etiquetasprix.com\/blog\/inspiracion\/tendencia-de-2023-en-el-diseno-de-pegatinas-personalizadas\/#breadcrumb","itemListElement":[{"@type":"ListItem","position":1,"name":"Home","item":"https:\/\/etiquetasprix.com\/blog\/"},{"@type":"ListItem","position":2,"name":"5 tendencias de 2023 en el dise\u00f1o de etiquetas"}]},{"@type":"WebSite","@id":"https:\/\/etiquetasprix.com\/blog\/#website","url":"https:\/\/etiquetasprix.com\/blog\/","name":"Etiquetas Prix","description":"Etiquetas adhesivas: todo sobre dise\u00f1o e impresi\u00f3n","potentialAction":[{"@type":"SearchAction","target":{"@type":"EntryPoint","urlTemplate":"https:\/\/etiquetasprix.com\/blog\/?s={search_term_string}"},"query-input":"required name=search_term_string"}],"inLanguage":"es"},{"@type":"Person","@id":"https:\/\/etiquetasprix.com\/blog\/#\/schema\/person\/72cff63e5985680e8dc9ffd3875fa4cb","name":"Etiquetas Prix","image":{"@type":"ImageObject","inLanguage":"es","@id":"https:\/\/etiquetasprix.com\/blog\/#\/schema\/person\/image\/","url":"https:\/\/secure.gravatar.com\/avatar\/5afb45d5cc2c4d05b94a11ce6fd84211?s=96&d=mm&r=g","contentUrl":"https:\/\/secure.gravatar.com\/avatar\/5afb45d5cc2c4d05b94a11ce6fd84211?s=96&d=mm&r=g","caption":"Etiquetas Prix"},"sameAs":["https:\/\/etiquetasprix.com\/blog"]}]}},"_links":{"self":[{"href":"https:\/\/etiquetasprix.com\/blog\/wp-json\/wp\/v2\/posts\/600"}],"collection":[{"href":"https:\/\/etiquetasprix.com\/blog\/wp-json\/wp\/v2\/posts"}],"about":[{"href":"https:\/\/etiquetasprix.com\/blog\/wp-json\/wp\/v2\/types\/post"}],"author":[{"embeddable":true,"href":"https:\/\/etiquetasprix.com\/blog\/wp-json\/wp\/v2\/users\/1"}],"replies":[{"embeddable":true,"href":"https:\/\/etiquetasprix.com\/blog\/wp-json\/wp\/v2\/comments?post=600"}],"version-history":[{"count":0,"href":"https:\/\/etiquetasprix.com\/blog\/wp-json\/wp\/v2\/posts\/600\/revisions"}],"wp:featuredmedia":[{"embeddable":true,"href":"https:\/\/etiquetasprix.com\/blog\/wp-json\/wp\/v2\/media\/601"}],"wp:attachment":[{"href":"https:\/\/etiquetasprix.com\/blog\/wp-json\/wp\/v2\/media?parent=600"}],"wp:term":[{"taxonomy":"category","embeddable":true,"href":"https:\/\/etiquetasprix.com\/blog\/wp-json\/wp\/v2\/categories?post=600"},{"taxonomy":"post_tag","embeddable":true,"href":"https:\/\/etiquetasprix.com\/blog\/wp-json\/wp\/v2\/tags?post=600"}],"curies":[{"name":"wp","href":"https:\/\/api.w.org\/{rel}","templated":true}]}}