{"id":979,"date":"2023-10-05T11:03:38","date_gmt":"2023-10-05T09:03:38","guid":{"rendered":"https:\/\/etiquetasprix.com\/blog\/?p=979"},"modified":"2023-10-04T11:10:30","modified_gmt":"2023-10-04T09:10:30","slug":"cuenta-la-historia-de-tu-marca-a-traves-de-tus-etiquetas","status":"publish","type":"post","link":"https:\/\/etiquetasprix.com\/blog\/inspiracion\/cuenta-la-historia-de-tu-marca-a-traves-de-tus-etiquetas\/","title":{"rendered":"Cuenta la historia de tu marca a trav\u00e9s de tus etiquetas"},"content":{"rendered":"<p><span style=\"font-weight: 400;\">\u00bfC\u00f3mo logramos la conexi\u00f3n emocional con nuestros clientes? Existen varias f\u00f3rmulas pero, sin lugar a dudas, una de las m\u00e1s efectivas es a trav\u00e9s de <strong>nuestras etiquetas adhesivas personalizadas<\/strong>.\u00a0<\/span><\/p>\n<p><span style=\"font-weight: 400;\">La calidad del producto, los canales de venta, la estrategia de comercializaci\u00f3n, nuestra competencia\u2026 Todos estos aspectos son, evidentemente, esenciales para que se produzca la ansiada venta. Pero a veces no prestamos atenci\u00f3n al detalle del etiquetado. No somos conscientes del poder que tenemos en nuestras manos con \u00e9l.\u00a0<\/span><\/p>\n<h2><b>El poder de las etiquetas adhesivas personalizadas<\/b><\/h2>\n<p><span style=\"font-weight: 400;\">En el mundo altamente competitivo de los negocios, la diferenciaci\u00f3n de marca y esta conexi\u00f3n con nuestro p\u00fablico son cruciales para el \u00e9xito. Una forma efectiva de lograrlo es a trav\u00e9s del <strong>dise\u00f1o de tu etiquetado.<\/strong> \u00c9ste no solo brinda informaci\u00f3n esencial, sino que tambi\u00e9n puede ser una poderosa herramienta para <\/span><a href=\"https:\/\/etiquetasprix.com\/blog\/inspiracion\/etiquetas-autoadhesivas-personalizadas-e-identidad-de-marca\/\"><span style=\"font-weight: 400;\">reforzar la identidad de marca a trav\u00e9s de las etiquetas adhesivas personalizadas<\/span><\/a><span style=\"font-weight: 400;\">. Incluso, estas <\/span><a href=\"https:\/\/etiquetasprix.com\/blog\/inspiracion\/como-vender-mas-con-etiquetas-adhesivas-personalizadas\/\"><span style=\"font-weight: 400;\">pegatinas personalizadas pueden hacer que tu producto se venda m\u00e1s.<\/span><\/a><span style=\"font-weight: 400;\">\u00a0<\/span><\/p>\n<p><span style=\"font-weight: 400;\">\u00bfC\u00f3mo lo logramos? Una buena estrategia es contar en ellas la historia de nuestra marca y transmitir sus valores y personalidad de manera visual y atractiva.<\/span><\/p>\n<h2><b>Narrativa visual: Contando tu historia en cada etiqueta<\/b><\/h2>\n<p><span style=\"font-weight: 400;\">Cada etiqueta adhesiva personalizada es una <strong>peque\u00f1a ventana a la historia de tu marca<\/strong>. Desde la elecci\u00f3n de colores y tipograf\u00eda hasta la incorporaci\u00f3n de elementos gr\u00e1ficos, cada detalle debe contribuir a la narrativa visual de tu empresa. Aqu\u00ed tienes algunas estrategias clave para lograrlo:<\/span><\/p>\n<h3><b>Colores y dise\u00f1o coherentes<\/b><\/h3>\n<p><span style=\"font-weight: 400;\">Utiliza los <\/span><a href=\"https:\/\/etiquetasprix.com\/blog\/inspiracion\/el-color-en-tus-etiquetas-personalizadas\/\"><span style=\"font-weight: 400;\">colores<\/span><\/a><span style=\"font-weight: 400;\"> y el dise\u00f1o que son acordes con la identidad de tu marca. Esto asegura que tus etiquetas se integren perfectamente en la experiencia de compra general. Aqu\u00ed te damos algunas <\/span><a href=\"https:\/\/etiquetasprix.com\/blog\/inspiracion\/claves-para-el-diseno-de-pegatinas-personalizadas\/\"><span style=\"font-weight: 400;\">claves para dise\u00f1ar tus etiquetas adhesivas personalizadas de manera coherente<\/span><\/a><span style=\"font-weight: 400;\">.\u00a0<\/span><\/p>\n<h3><b>Logotipo destacado<\/b><\/h3>\n<p><span style=\"font-weight: 400;\">Coloca tu logotipo en un lugar prominente. El logotipo es la cara de tu marca y debe ser reconocible de inmediato.<\/span><\/p>\n<h3><b>Gr\u00e1ficos significativos<\/b><\/h3>\n<p><span style=\"font-weight: 400;\">Incorpora gr\u00e1ficos o im\u00e1genes que cuenten la historia de tu marca. Esto podr\u00eda incluir productos emblem\u00e1ticos, im\u00e1genes de la historia de la empresa o s\u00edmbolos que representen tus valores.<\/span><\/p>\n<h3><b>Mensajes claros y concisos<\/b><\/h3>\n<p><span style=\"font-weight: 400;\">Utiliza el espacio limitado en la etiqueta para transmitir mensajes clave, como lemas o esl\u00f3ganes que refuercen la identidad de tu marca.<\/span><\/p>\n<h2><b>Elementos de dise\u00f1o que reflejan la identidad de la marca<\/b><\/h2>\n<p><span style=\"font-weight: 400;\">El dise\u00f1o de etiquetas adhesivas personalizadas debe ser una extensi\u00f3n de la identidad de tu marca. Aqu\u00ed tienes algunos elementos clave:<\/span><\/p>\n<h3><b>Tipograf\u00eda<\/b><\/h3>\n<p><span style=\"font-weight: 400;\">Elige una fuente que refleje la personalidad de tu marca. \u00bfEs elegante, amigable, moderna o cl\u00e1sica? La tipograf\u00eda puede decir mucho sobre tu marca. Toma nota de estos <\/span><a href=\"https:\/\/etiquetasprix.com\/blog\/inspiracion\/pegatinas-personalizadas-que-tipografia-elijo\/\"><span style=\"font-weight: 400;\">consejos para acertar con la letra elegida para tus etiquetas adhesivas personalizadas<\/span><\/a><span style=\"font-weight: 400;\">.\u00a0<\/span><\/p>\n<h3><b>Forma y tama\u00f1o<\/b><\/h3>\n<p><span style=\"font-weight: 400;\">Experimenta con <\/span><a href=\"https:\/\/etiquetasprix.com\/blog\/inspiracion\/etiquetas-personalizadas-que-forma-elijo\/\"><span style=\"font-weight: 400;\">la forma y el tama\u00f1o de las etiquetas<\/span><\/a><span style=\"font-weight: 400;\"> para destacar y diferenciarte de la competencia. Una forma \u00fanica puede ser memorable. En <\/span><a href=\"https:\/\/etiquetasprix.com\/index.php#seleccion-plantillas\"><span style=\"font-weight: 400;\">Etiquetas Prix disponemos de un amplio cat\u00e1logo de plantillas<\/span><\/a><span style=\"font-weight: 400;\"> con diversas formas y tama\u00f1os que se adaptan a distintas necesidades, soportes y objetivos.\u00a0<\/span><\/p>\n<h2><b>Transmitiendo valores y personalidad a trav\u00e9s de las etiquetas<\/b><\/h2>\n<p><span style=\"font-weight: 400;\">Tu marca tiene valores y una personalidad \u00fanicos que debes comunicar de manera efectiva. Existen much\u00edsimas maneras de hacerlo. Nosotros te hablamos de algunas de ellas.\u00a0<\/span><\/p>\n<h3><b>Historia de la marca<\/b><\/h3>\n<p><span style=\"font-weight: 400;\"><strong>Si tu empresa tiene una historia interesante, considera incluirla en la etiqueta<\/strong>. Esto puede generar empat\u00eda y conexi\u00f3n con los clientes. Al conocerte, se sentir\u00e1n m\u00e1s cerca de tu marca y de tus productos. Por lo tanto, ser\u00e1 m\u00e1s f\u00e1cil que, frente a otros competidores, se decanten por tus productos.\u00a0<\/span><\/p>\n<h3><b>Sostenibilidad<\/b><\/h3>\n<p><span style=\"font-weight: 400;\">Si la sostenibilidad es un valor importante para tu marca, aseg\u00farate de que tus etiquetas tambi\u00e9n lo reflejen. <strong>Usa materiales reciclables y reciclados<\/strong> y promociona tus esfuerzos ecol\u00f3gicos.<\/span><\/p>\n<h3><b>Experiencia del cliente<\/b><\/h3>\n<p><span style=\"font-weight: 400;\">Piensa en la experiencia que deseas que tengan tus clientes al interactuar con tus productos. \u00bfQuieres transmitir un ambiente relajado y amigable o una sensaci\u00f3n de lujo y exclusividad? Aseg\u00farate de que tus etiquetas se alineen con esa experiencia.<\/span><\/p>\n<h2><b>Conclusi\u00f3n<\/b><\/h2>\n<p><span style=\"font-weight: 400;\">En resumen, las etiquetas adhesivas personalizadas son una herramienta poderosa para contar la historia de tu marca y <strong>conectarte emocionalmente con tus clientes.\u00a0<\/strong><\/span><\/p>\n<p><span style=\"font-weight: 400;\">Cada etiqueta es una oportunidad para transmitir tus valores, personalidad e identidad de marca. <strong>No subestimes el impacto que un dise\u00f1o cuidadosamente pensado puede tener en la percepci\u00f3n de tu marca y en la lealtad del cliente.<\/strong> As\u00ed que piensa en la tipograf\u00eda, los colores, los gr\u00e1ficos o las im\u00e1genes que van a aparecer en tu etiquetado. Y, sobre todo, ten claro lo que quieres transmitir con \u00e9l.<\/span><\/p>\n<p><span style=\"font-weight: 400;\">\u00a1Aprovecha esta oportunidad para destacar y dejar una impresi\u00f3n duradera! Entra en <\/span><a href=\"http:\/\/www.etiquetasprix.com\"><span style=\"font-weight: 400;\">Etiquetas Prix<\/span><\/a><span style=\"font-weight: 400;\"> y empieza a crear tus etiquetas personalizadas con nosotros.\u00a0<\/span><\/p>\n","protected":false},"excerpt":{"rendered":"<p>\u00bfC\u00f3mo logramos la conexi\u00f3n emocional con nuestros clientes? Existen varias f\u00f3rmulas pero, sin lugar a dudas, una de las m\u00e1s efectivas es a trav\u00e9s de nuestras etiquetas adhesivas personalizadas.\u00a0 La calidad del producto, los canales de venta, la estrategia de comercializaci\u00f3n, nuestra competencia\u2026 Todos estos aspectos son, evidentemente, esenciales para que se produzca la ansiada [&hellip;]<\/p>\n","protected":false},"author":1,"featured_media":980,"comment_status":"closed","ping_status":"closed","sticky":false,"template":"","format":"standard","meta":{"inline_featured_image":false},"categories":[30],"tags":[9,33,5,15],"yoast_head":"<!-- This site is optimized with the Yoast SEO plugin v20.12 - https:\/\/yoast.com\/wordpress\/plugins\/seo\/ -->\n<title>La historia de tu marca en tus etiquetas adhesivas personalizadas<\/title>\n<meta name=\"description\" content=\"Una de las fromas m\u00e1s efectivas de conectar emocionalmente con tus clientes es a trav\u00e9s de las etiquetas adhesivas personalizadas.\u00a0\" \/>\n<meta name=\"robots\" content=\"index, follow, max-snippet:-1, max-image-preview:large, max-video-preview:-1\" \/>\n<link rel=\"canonical\" href=\"https:\/\/etiquetasprix.com\/blog\/inspiracion\/cuenta-la-historia-de-tu-marca-a-traves-de-tus-etiquetas\/\" \/>\n<meta property=\"og:locale\" content=\"es_ES\" \/>\n<meta property=\"og:type\" content=\"article\" \/>\n<meta property=\"og:title\" content=\"La historia de tu marca en tus etiquetas adhesivas personalizadas\" \/>\n<meta property=\"og:description\" content=\"Una de las fromas m\u00e1s efectivas de conectar emocionalmente con tus clientes es a trav\u00e9s de las etiquetas adhesivas personalizadas.\u00a0\" \/>\n<meta property=\"og:url\" content=\"https:\/\/etiquetasprix.com\/blog\/inspiracion\/cuenta-la-historia-de-tu-marca-a-traves-de-tus-etiquetas\/\" \/>\n<meta property=\"og:site_name\" content=\"Etiquetas Prix\" \/>\n<meta property=\"article:published_time\" content=\"2023-10-05T09:03:38+00:00\" \/>\n<meta property=\"article:modified_time\" content=\"2023-10-04T09:10:30+00:00\" \/>\n<meta property=\"og:image\" content=\"https:\/\/etiquetasprix.com\/blog\/wp-content\/uploads\/2023\/10\/historia-en-etiquetas-adhesivas-personalizadas-etiquetas-prix.jpg\" \/>\n\t<meta property=\"og:image:width\" content=\"1160\" \/>\n\t<meta property=\"og:image:height\" content=\"690\" \/>\n\t<meta property=\"og:image:type\" content=\"image\/jpeg\" \/>\n<meta name=\"author\" content=\"Etiquetas Prix\" \/>\n<meta name=\"twitter:card\" content=\"summary_large_image\" \/>\n<meta name=\"twitter:label1\" content=\"Escrito por\" \/>\n\t<meta name=\"twitter:data1\" content=\"Etiquetas Prix\" \/>\n\t<meta name=\"twitter:label2\" content=\"Tiempo de lectura\" \/>\n\t<meta name=\"twitter:data2\" content=\"4 minutos\" \/>\n<!-- \/ Yoast SEO plugin. -->","yoast_head_json":{"title":"La historia de tu marca en tus etiquetas adhesivas personalizadas","description":"Una de las fromas m\u00e1s efectivas de conectar emocionalmente con tus clientes es a trav\u00e9s de las etiquetas adhesivas personalizadas.\u00a0","robots":{"index":"index","follow":"follow","max-snippet":"max-snippet:-1","max-image-preview":"max-image-preview:large","max-video-preview":"max-video-preview:-1"},"canonical":"https:\/\/etiquetasprix.com\/blog\/inspiracion\/cuenta-la-historia-de-tu-marca-a-traves-de-tus-etiquetas\/","og_locale":"es_ES","og_type":"article","og_title":"La historia de tu marca en tus etiquetas adhesivas personalizadas","og_description":"Una de las fromas m\u00e1s efectivas de conectar emocionalmente con tus clientes es a trav\u00e9s de las etiquetas adhesivas personalizadas.\u00a0","og_url":"https:\/\/etiquetasprix.com\/blog\/inspiracion\/cuenta-la-historia-de-tu-marca-a-traves-de-tus-etiquetas\/","og_site_name":"Etiquetas Prix","article_published_time":"2023-10-05T09:03:38+00:00","article_modified_time":"2023-10-04T09:10:30+00:00","og_image":[{"width":1160,"height":690,"url":"https:\/\/etiquetasprix.com\/blog\/wp-content\/uploads\/2023\/10\/historia-en-etiquetas-adhesivas-personalizadas-etiquetas-prix.jpg","type":"image\/jpeg"}],"author":"Etiquetas Prix","twitter_card":"summary_large_image","twitter_misc":{"Escrito por":"Etiquetas Prix","Tiempo de lectura":"4 minutos"},"schema":{"@context":"https:\/\/schema.org","@graph":[{"@type":"WebPage","@id":"https:\/\/etiquetasprix.com\/blog\/inspiracion\/cuenta-la-historia-de-tu-marca-a-traves-de-tus-etiquetas\/","url":"https:\/\/etiquetasprix.com\/blog\/inspiracion\/cuenta-la-historia-de-tu-marca-a-traves-de-tus-etiquetas\/","name":"La historia de tu marca en tus etiquetas adhesivas personalizadas","isPartOf":{"@id":"https:\/\/etiquetasprix.com\/blog\/#website"},"datePublished":"2023-10-05T09:03:38+00:00","dateModified":"2023-10-04T09:10:30+00:00","author":{"@id":"https:\/\/etiquetasprix.com\/blog\/#\/schema\/person\/72cff63e5985680e8dc9ffd3875fa4cb"},"description":"Una de las fromas m\u00e1s efectivas de conectar emocionalmente con tus clientes es a trav\u00e9s de las etiquetas adhesivas personalizadas.\u00a0","breadcrumb":{"@id":"https:\/\/etiquetasprix.com\/blog\/inspiracion\/cuenta-la-historia-de-tu-marca-a-traves-de-tus-etiquetas\/#breadcrumb"},"inLanguage":"es","potentialAction":[{"@type":"ReadAction","target":["https:\/\/etiquetasprix.com\/blog\/inspiracion\/cuenta-la-historia-de-tu-marca-a-traves-de-tus-etiquetas\/"]}]},{"@type":"BreadcrumbList","@id":"https:\/\/etiquetasprix.com\/blog\/inspiracion\/cuenta-la-historia-de-tu-marca-a-traves-de-tus-etiquetas\/#breadcrumb","itemListElement":[{"@type":"ListItem","position":1,"name":"Home","item":"https:\/\/etiquetasprix.com\/blog\/"},{"@type":"ListItem","position":2,"name":"Cuenta la historia de tu marca a trav\u00e9s de tus etiquetas"}]},{"@type":"WebSite","@id":"https:\/\/etiquetasprix.com\/blog\/#website","url":"https:\/\/etiquetasprix.com\/blog\/","name":"Etiquetas Prix","description":"Etiquetas adhesivas: todo sobre dise\u00f1o e impresi\u00f3n","potentialAction":[{"@type":"SearchAction","target":{"@type":"EntryPoint","urlTemplate":"https:\/\/etiquetasprix.com\/blog\/?s={search_term_string}"},"query-input":"required name=search_term_string"}],"inLanguage":"es"},{"@type":"Person","@id":"https:\/\/etiquetasprix.com\/blog\/#\/schema\/person\/72cff63e5985680e8dc9ffd3875fa4cb","name":"Etiquetas Prix","image":{"@type":"ImageObject","inLanguage":"es","@id":"https:\/\/etiquetasprix.com\/blog\/#\/schema\/person\/image\/","url":"https:\/\/secure.gravatar.com\/avatar\/5afb45d5cc2c4d05b94a11ce6fd84211?s=96&d=mm&r=g","contentUrl":"https:\/\/secure.gravatar.com\/avatar\/5afb45d5cc2c4d05b94a11ce6fd84211?s=96&d=mm&r=g","caption":"Etiquetas Prix"},"sameAs":["https:\/\/etiquetasprix.com\/blog"]}]}},"_links":{"self":[{"href":"https:\/\/etiquetasprix.com\/blog\/wp-json\/wp\/v2\/posts\/979"}],"collection":[{"href":"https:\/\/etiquetasprix.com\/blog\/wp-json\/wp\/v2\/posts"}],"about":[{"href":"https:\/\/etiquetasprix.com\/blog\/wp-json\/wp\/v2\/types\/post"}],"author":[{"embeddable":true,"href":"https:\/\/etiquetasprix.com\/blog\/wp-json\/wp\/v2\/users\/1"}],"replies":[{"embeddable":true,"href":"https:\/\/etiquetasprix.com\/blog\/wp-json\/wp\/v2\/comments?post=979"}],"version-history":[{"count":1,"href":"https:\/\/etiquetasprix.com\/blog\/wp-json\/wp\/v2\/posts\/979\/revisions"}],"predecessor-version":[{"id":981,"href":"https:\/\/etiquetasprix.com\/blog\/wp-json\/wp\/v2\/posts\/979\/revisions\/981"}],"wp:featuredmedia":[{"embeddable":true,"href":"https:\/\/etiquetasprix.com\/blog\/wp-json\/wp\/v2\/media\/980"}],"wp:attachment":[{"href":"https:\/\/etiquetasprix.com\/blog\/wp-json\/wp\/v2\/media?parent=979"}],"wp:term":[{"taxonomy":"category","embeddable":true,"href":"https:\/\/etiquetasprix.com\/blog\/wp-json\/wp\/v2\/categories?post=979"},{"taxonomy":"post_tag","embeddable":true,"href":"https:\/\/etiquetasprix.com\/blog\/wp-json\/wp\/v2\/tags?post=979"}],"curies":[{"name":"wp","href":"https:\/\/api.w.org\/{rel}","templated":true}]}}